{"id":313,"date":"2012-01-12T22:28:09","date_gmt":"2012-01-12T22:28:09","guid":{"rendered":"https:\/\/www.professeur-layton.info\/appel-du-spectre\/?p=313"},"modified":"2012-01-12T23:20:04","modified_gmt":"2012-01-12T23:20:04","slug":"professeur-layton-4-appel-du-spectre-enigme-44-portraits-caches","status":"publish","type":"post","link":"https:\/\/www.professeur-layton.info\/appel-du-spectre\/professeur-layton-4-appel-du-spectre-enigme-44-portraits-caches\/","title":{"rendered":"Enigme 044 : Portraits cach\u00e9s"},"content":{"rendered":"<p>Ces portraits immortalisent cinq g\u00e9n\u00e9rations d&rsquo;une m\u00eame famille. Chaque g\u00e9n\u00e9ration n&rsquo;a qu&rsquo;un trait commun avec la suivante.<\/p>\n<p>Placez les portraits dans le bon ordre.<\/p>\n<p><center><img loading=\"lazy\" decoding=\"async\" src=\"https:\/\/www.professeur-layton.info\/appel-du-spectre\/files\/2011\/12\/professeurlayton4-044e.jpg\" alt=\"Professeur Layton et l'appel du spectre : Enigme 044 : Portraits cach\u00e9s\" title=\"Professeur Layton et l'appel du spectre : Enigme 044 : Portraits cach\u00e9s\" width=\"256\" height=\"192\" class=\"imgLayton\" \/><\/center><br \/>\n<br \/>\n<!--more--><\/p>\n<p><script type=\"text\/javascript\"><!--\ngoogle_ad_client = \"pub-7401837705700172\";\n\/* 468x60, date de cr\u00e9ation 01\/11\/10 - Layton 3 *\/\ngoogle_ad_slot = \"5971806999\";\ngoogle_ad_width = 468;\ngoogle_ad_height = 60;\n\/\/-->\n<\/script><br \/>\n<script type=\"text\/javascript\"\nsrc=\"http:\/\/pagead2.googlesyndication.com\/pagead\/show_ads.js\">\n<\/script><br \/>\n<\/p>\n<p>Voici la solution de l&rsquo;\u00e9nigme 44 : Portraits cach\u00e9s :<br \/>\n<br \/>\n<center><img loading=\"lazy\" decoding=\"async\" src=\"https:\/\/www.professeur-layton.info\/appel-du-spectre\/files\/2011\/12\/professeurlayton4-044s.jpg\" alt=\"Professeur Layton et l'appel du spectre : Solution de l'\u00e9nigme 044 : Portraits cach\u00e9s\" title=\"Professeur Layton et l'appel du spectre : Solution de l'\u00e9nigme 044 : Portraits cach\u00e9s\" width=\"256\" height=\"192\" class=\"imgLayton\" \/><\/center><br \/>\n<\/p>\n<p>C&rsquo;est fou comme ils se ressemblent !<\/p>\n","protected":false},"excerpt":{"rendered":"<p>Ces portraits immortalisent cinq g\u00e9n\u00e9rations d&rsquo;une m\u00eame famille. Chaque g\u00e9n\u00e9ration n&rsquo;a qu&rsquo;un trait commun avec la suivante.<br \/>\nPlacez les portraits dans le bon ordre.<\/p>\n","protected":false},"author":2,"featured_media":0,"comment_status":"open","ping_status":"open","sticky":false,"template":"","format":"standard","meta":{"footnotes":""},"categories":[1],"tags":[6,301,302,304,305,29,303,11],"class_list":["post-313","post","type-post","status-publish","format-standard","hentry","category-enigmes","tag-appel-du-spectre","tag-enigme-044","tag-enigme-44","tag-famille","tag-generation","tag-photo","tag-portraits-caches","tag-professeur-layton-4"],"_links":{"self":[{"href":"https:\/\/www.professeur-layton.info\/appel-du-spectre\/wp-json\/wp\/v2\/posts\/313","targetHints":{"allow":["GET"]}}],"collection":[{"href":"https:\/\/www.professeur-layton.info\/appel-du-spectre\/wp-json\/wp\/v2\/posts"}],"about":[{"href":"https:\/\/www.professeur-layton.info\/appel-du-spectre\/wp-json\/wp\/v2\/types\/post"}],"author":[{"embeddable":true,"href":"https:\/\/www.professeur-layton.info\/appel-du-spectre\/wp-json\/wp\/v2\/users\/2"}],"replies":[{"embeddable":true,"href":"https:\/\/www.professeur-layton.info\/appel-du-spectre\/wp-json\/wp\/v2\/comments?post=313"}],"version-history":[{"count":2,"href":"https:\/\/www.professeur-layton.info\/appel-du-spectre\/wp-json\/wp\/v2\/posts\/313\/revisions"}],"predecessor-version":[{"id":332,"href":"https:\/\/www.professeur-layton.info\/appel-du-spectre\/wp-json\/wp\/v2\/posts\/313\/revisions\/332"}],"wp:attachment":[{"href":"https:\/\/www.professeur-layton.info\/appel-du-spectre\/wp-json\/wp\/v2\/media?parent=313"}],"wp:term":[{"taxonomy":"category","embeddable":true,"href":"https:\/\/www.professeur-layton.info\/appel-du-spectre\/wp-json\/wp\/v2\/categories?post=313"},{"taxonomy":"post_tag","embeddable":true,"href":"https:\/\/www.professeur-layton.info\/appel-du-spectre\/wp-json\/wp\/v2\/tags?post=313"}],"curies":[{"name":"wp","href":"https:\/\/api.w.org\/{rel}","templated":true}]}}